{"id":265,"date":"2016-07-12T23:36:13","date_gmt":"2016-07-12T20:36:13","guid":{"rendered":"http:\/\/juustila-art.com\/?p=264"},"modified":"2016-07-12T23:36:13","modified_gmt":"2016-07-12T20:36:13","slug":"taydennyskoulutusta-figuurimaalaukseen","status":"publish","type":"post","link":"https:\/\/juustila.com\/art\/2016\/07\/12\/taydennyskoulutusta-figuurimaalaukseen\/","title":{"rendered":"T\u00e4ydennyskoulutusta figuurimaalaukseen"},"content":{"rendered":"<p>Firenzen vuoteni 2015 aikana Angel Academy or Art:ssa p\u00e4\u00e4sin vasta&nbsp;ihan lopuksi k\u00e4siksi \u00f6ljyv\u00e4rimaalaukseen, kun sain viimeistelty\u00e4 grisaillemaalauksen Davidin kasvoista &#8212; juuri ennen kotiin paluuta.&nbsp;<\/p>\n<p><a href=\"https:\/\/juustila.com\/art\/wp-content\/uploads\/2016\/07\/dsc9412-1.jpg\"><img loading=\"lazy\" decoding=\"async\" src=\"https:\/\/juustila.com\/art\/wp-content\/uploads\/2016\/07\/dsc9412-1.jpg\" alt=\"\" width=\"1772\" height=\"2475\" class=\"alignnone size-full wp-image-260\" srcset=\"https:\/\/juustila.com\/art\/wp-content\/uploads\/2016\/07\/dsc9412-1.jpg 1772w, https:\/\/juustila.com\/art\/wp-content\/uploads\/2016\/07\/dsc9412-1-215x300.jpg 215w, https:\/\/juustila.com\/art\/wp-content\/uploads\/2016\/07\/dsc9412-1-733x1024.jpg 733w, https:\/\/juustila.com\/art\/wp-content\/uploads\/2016\/07\/dsc9412-1-768x1073.jpg 768w, https:\/\/juustila.com\/art\/wp-content\/uploads\/2016\/07\/dsc9412-1-1100x1536.jpg 1100w, https:\/\/juustila.com\/art\/wp-content\/uploads\/2016\/07\/dsc9412-1-1466x2048.jpg 1466w, https:\/\/juustila.com\/art\/wp-content\/uploads\/2016\/07\/dsc9412-1-1200x1676.jpg 1200w\" sizes=\"auto, (max-width: 709px) 85vw, (max-width: 909px) 67vw, (max-width: 1362px) 62vw, 840px\" \/><\/a><br \/>\nJ\u00e4in jo silloin kaipaamaan lis\u00e4oppia ihmiskehon maalaamisesta, joten p\u00e4\u00e4tin tuolloin osallistua kes\u00e4n 2016 ty\u00f6pajaan jota ohjaa koulun arvostettu opettaja ja taiteilija Jered W.<\/p>\n<p>Ensimm\u00e4iset kaksi p\u00e4iv\u00e4\u00e4 on nyt mennyt perusasioissa. Olen kaivannutkin el\u00e4v\u00e4st\u00e4 mallista piirt\u00e4mist\u00e4 ja maalaamista! T\u00e4m\u00e4 viikko menee perusteissa, ja ensi viikko k\u00e4ytet\u00e4\u00e4n sitten yhden maalauksen tekemiseen alusta niin loppuun kuin mahdollista. T\u00e4m\u00e4 ty\u00f6paja on todella hyv\u00e4 tilaisuus oppia lis\u00e4\u00e4, jonka hy\u00f6dynn\u00e4n kyll\u00e4 t\u00e4ysill\u00e4!<\/p>\n<p><a href=\"https:\/\/juustila.com\/art\/wp-content\/uploads\/2016\/07\/img_1286-1.jpg\"><img loading=\"lazy\" decoding=\"async\" src=\"https:\/\/juustila.com\/art\/wp-content\/uploads\/2016\/07\/img_1286-1.jpg\" alt=\"\" width=\"3024\" height=\"4032\" class=\"alignnone size-full wp-image-261\"><\/a><a href=\"https:\/\/juustila.com\/art\/wp-content\/uploads\/2016\/07\/img_1285-1.jpg\"><img loading=\"lazy\" decoding=\"async\" src=\"https:\/\/juustila.com\/art\/wp-content\/uploads\/2016\/07\/img_1285-1.jpg\" alt=\"\" width=\"3024\" height=\"3024\" class=\"alignnone size-full wp-image-262\"><\/a><br \/>\nMajoitumme tutulla San Niccolon alueella Arnon etel\u00e4puolella. On mukava k\u00e4yd\u00e4 tutuissa kotikadun rafloissa.<\/p>\n<p><a href=\"https:\/\/juustila.com\/art\/wp-content\/uploads\/2016\/07\/img_1289.jpg\"><img loading=\"lazy\" decoding=\"async\" src=\"https:\/\/juustila.com\/art\/wp-content\/uploads\/2016\/07\/img_1289.jpg\" alt=\"\" width=\"3024\" height=\"4032\" class=\"alignnone size-full wp-image-263\"><\/a><\/p>\n","protected":false},"excerpt":{"rendered":"<p>Firenzen vuoteni 2015 aikana Angel Academy or Art:ssa p\u00e4\u00e4sin vasta&nbsp;ihan lopuksi k\u00e4siksi \u00f6ljyv\u00e4rimaalaukseen, kun sain viimeistelty\u00e4 grisaillemaalauksen Davidin kasvoista &#8212; juuri ennen kotiin paluuta.&nbsp; J\u00e4in jo silloin kaipaamaan lis\u00e4oppia ihmiskehon maalaamisesta, joten p\u00e4\u00e4tin tuolloin osallistua kes\u00e4n 2016 ty\u00f6pajaan jota ohjaa koulun arvostettu opettaja ja taiteilija Jered W. Ensimm\u00e4iset kaksi p\u00e4iv\u00e4\u00e4 on nyt mennyt perusasioissa. Olen &hellip; <a href=\"https:\/\/juustila.com\/art\/2016\/07\/12\/taydennyskoulutusta-figuurimaalaukseen\/\" class=\"more-link\">Continue reading<span class=\"screen-reader-text\"> &#8220;T\u00e4ydennyskoulutusta figuurimaalaukseen&#8221;<\/span><\/a><\/p>\n","protected":false},"author":1,"featured_media":0,"comment_status":"open","ping_status":"open","sticky":false,"template":"","format":"standard","meta":{"_jetpack_memberships_contains_paid_content":false,"footnotes":""},"categories":[3],"tags":[],"class_list":["post-265","post","type-post","status-publish","format-standard","hentry","category-finnish"],"jetpack_featured_media_url":"","jetpack_sharing_enabled":true,"_links":{"self":[{"href":"https:\/\/juustila.com\/art\/wp-json\/wp\/v2\/posts\/265","targetHints":{"allow":["GET"]}}],"collection":[{"href":"https:\/\/juustila.com\/art\/wp-json\/wp\/v2\/posts"}],"about":[{"href":"https:\/\/juustila.com\/art\/wp-json\/wp\/v2\/types\/post"}],"author":[{"embeddable":true,"href":"https:\/\/juustila.com\/art\/wp-json\/wp\/v2\/users\/1"}],"replies":[{"embeddable":true,"href":"https:\/\/juustila.com\/art\/wp-json\/wp\/v2\/comments?post=265"}],"version-history":[{"count":0,"href":"https:\/\/juustila.com\/art\/wp-json\/wp\/v2\/posts\/265\/revisions"}],"wp:attachment":[{"href":"https:\/\/juustila.com\/art\/wp-json\/wp\/v2\/media?parent=265"}],"wp:term":[{"taxonomy":"category","embeddable":true,"href":"https:\/\/juustila.com\/art\/wp-json\/wp\/v2\/categories?post=265"},{"taxonomy":"post_tag","embeddable":true,"href":"https:\/\/juustila.com\/art\/wp-json\/wp\/v2\/tags?post=265"}],"curies":[{"name":"wp","href":"https:\/\/api.w.org\/{rel}","templated":true}]}}